{"id":4216,"date":"2015-03-31T23:31:13","date_gmt":"2015-03-31T22:31:13","guid":{"rendered":"http:\/\/chaire-idis.fr\/?p=4216"},"modified":"2016-08-05T16:21:07","modified_gmt":"2016-08-05T15:21:07","slug":"10-assises-recherche-entreprise","status":"publish","type":"post","link":"https:\/\/chaire-idis.fr\/en\/10-assises-recherche-entreprise\/","title":{"rendered":"10e Assises Recherche &#038;&nbsp;Entreprises"},"content":{"rendered":"<p>Pr\u00e9sentation de la Chaire IDIS et de sa collaboration avec Ardenne Design Industries, dans le cadre d&#8217;atelier intitul\u00e9\u00a0 <em>Les chaires industrielles, une opportunit\u00e9 pour les entreprises.<\/em><br \/>\nRetrouvez-vous aux 10\u00e8me Assises Recherche &amp; Entreprises, organis\u00e9es par ID Champagne Ardenne, l&#8217;agence pour l&#8217;Innovation et le D\u00e9veloppement \u00e9conomique, et la r\u00e9gion Champagne Ardenne, le 31 mars au Centre des Congr\u00e8s \u00e0 Reims.<\/p>\n<div class=\"legende saut-1-ligne\" >photo : Eric Orsenna probl\u00e9matise la relation entre grands groupes industriels et innovation dans les territoires.<\/div>\n<p><a href=\"http:\/\/chaire-idis.fr\/wp-content\/uploads\/2015\/03\/10-2015-Synthese-10eme-Assises.pdf\">synth\u00e8se de la rencontre (pdf)<\/a><br \/>\n<a href=\"http:\/\/chaire-idis.fr\/wp-content\/uploads\/2015\/03\/Programme-pr\u00e9visionnel-10eme-Assises-V6.pdf\">Programme pr\u00e9visionnel 10eme Assises\u00a0(pdf)<\/a><\/p>\n","protected":false},"excerpt":{"rendered":"<p>Pr\u00e9sentation de la Chaire IDIS et de sa collaboration avec Ardenne Design Industries, dans le cadre d&#8217;atelier intitul\u00e9\u00a0 Les chaires industrielles, une opportunit\u00e9 pour les entreprises. Retrouvez-vous aux 10\u00e8me Assises Recherche &amp; Entreprises, organis\u00e9es par ID Champagne Ardenne, l&#8217;agence pour l&#8217;Innovation et le D\u00e9veloppement \u00e9conomique, et la r\u00e9gion Champagne Ardenne, le 31 mars au Centre &hellip; <a href=\"https:\/\/chaire-idis.fr\/en\/10-assises-recherche-entreprise\/\" class=\"more-link\">Continue reading <span class=\"screen-reader-text\">10e Assises Recherche &#038;&nbsp;Entreprises<\/span> <span class=\"meta-nav\">&rarr;<\/span><\/a><\/p>\n","protected":false},"author":2,"featured_media":4362,"comment_status":"closed","ping_status":"open","sticky":false,"template":"","format":"standard","meta":{"_acf_changed":false,"footnotes":""},"categories":[9],"tags":[],"class_list":["post-4216","post","type-post","status-publish","format-standard","has-post-thumbnail","hentry","category-evenements"],"acf":[],"_links":{"self":[{"href":"https:\/\/chaire-idis.fr\/en\/wp-json\/wp\/v2\/posts\/4216","targetHints":{"allow":["GET"]}}],"collection":[{"href":"https:\/\/chaire-idis.fr\/en\/wp-json\/wp\/v2\/posts"}],"about":[{"href":"https:\/\/chaire-idis.fr\/en\/wp-json\/wp\/v2\/types\/post"}],"author":[{"embeddable":true,"href":"https:\/\/chaire-idis.fr\/en\/wp-json\/wp\/v2\/users\/2"}],"replies":[{"embeddable":true,"href":"https:\/\/chaire-idis.fr\/en\/wp-json\/wp\/v2\/comments?post=4216"}],"version-history":[{"count":17,"href":"https:\/\/chaire-idis.fr\/en\/wp-json\/wp\/v2\/posts\/4216\/revisions"}],"predecessor-version":[{"id":4811,"href":"https:\/\/chaire-idis.fr\/en\/wp-json\/wp\/v2\/posts\/4216\/revisions\/4811"}],"wp:featuredmedia":[{"embeddable":true,"href":"https:\/\/chaire-idis.fr\/en\/wp-json\/wp\/v2\/media\/4362"}],"wp:attachment":[{"href":"https:\/\/chaire-idis.fr\/en\/wp-json\/wp\/v2\/media?parent=4216"}],"wp:term":[{"taxonomy":"category","embeddable":true,"href":"https:\/\/chaire-idis.fr\/en\/wp-json\/wp\/v2\/categories?post=4216"},{"taxonomy":"post_tag","embeddable":true,"href":"https:\/\/chaire-idis.fr\/en\/wp-json\/wp\/v2\/tags?post=4216"}],"curies":[{"name":"wp","href":"https:\/\/api.w.org\/{rel}","templated":true}]}}