{"id":6973,"date":"2017-03-23T17:47:22","date_gmt":"2017-03-23T16:47:22","guid":{"rendered":"http:\/\/chaire-idis.fr\/?p=6973\/"},"modified":"2017-03-23T17:49:00","modified_gmt":"2017-03-23T16:49:00","slug":"1er-workshop-pour-le-projet-en-lien_v02","status":"publish","type":"post","link":"https:\/\/chaire-idis.fr\/en\/1er-workshop-pour-le-projet-en-lien_v02\/","title":{"rendered":"1er workshop pour le projet EN LIEN_V02"},"content":{"rendered":"<p><strong>Premiers tests et familiarisation avec les outils des partenaires pour le projet laur\u00e9at du prix IDIS, men\u00e9 par Sophie Larger et Laurent Godart.<\/strong><\/p>\n<p>Le projet s&#8217;articule autour du CIAV, Centre International des Arts Verriers, \u00e0 Meisenthal, du mus\u00e9e du sabot \u00e0 Soucht, du sabotier R\u00e9mi Rithie et de la scierie Lejeune \u00e0 Siersthal.<\/p>\n<p><a href=\"http:\/\/chaire-idis.fr\/prix-idis\/\">Prix IDIS<\/a><\/p>\n","protected":false},"excerpt":{"rendered":"<p>Premiers tests et familiarisation avec les outils des partenaires pour le projet laur\u00e9at du prix IDIS, men\u00e9 par Sophie Larger et Laurent Godart. Le projet s&#8217;articule autour du CIAV, Centre International des Arts Verriers, \u00e0 Meisenthal, du mus\u00e9e du sabot \u00e0 Soucht, du sabotier R\u00e9mi Rithie et de la scierie Lejeune \u00e0 Siersthal. Prix IDIS<\/p>\n","protected":false},"author":2,"featured_media":6974,"comment_status":"closed","ping_status":"open","sticky":false,"template":"","format":"standard","meta":{"_acf_changed":false,"footnotes":""},"categories":[9],"tags":[],"class_list":["post-6973","post","type-post","status-publish","format-standard","has-post-thumbnail","hentry","category-evenements"],"acf":[],"_links":{"self":[{"href":"https:\/\/chaire-idis.fr\/en\/wp-json\/wp\/v2\/posts\/6973","targetHints":{"allow":["GET"]}}],"collection":[{"href":"https:\/\/chaire-idis.fr\/en\/wp-json\/wp\/v2\/posts"}],"about":[{"href":"https:\/\/chaire-idis.fr\/en\/wp-json\/wp\/v2\/types\/post"}],"author":[{"embeddable":true,"href":"https:\/\/chaire-idis.fr\/en\/wp-json\/wp\/v2\/users\/2"}],"replies":[{"embeddable":true,"href":"https:\/\/chaire-idis.fr\/en\/wp-json\/wp\/v2\/comments?post=6973"}],"version-history":[{"count":3,"href":"https:\/\/chaire-idis.fr\/en\/wp-json\/wp\/v2\/posts\/6973\/revisions"}],"predecessor-version":[{"id":6978,"href":"https:\/\/chaire-idis.fr\/en\/wp-json\/wp\/v2\/posts\/6973\/revisions\/6978"}],"wp:featuredmedia":[{"embeddable":true,"href":"https:\/\/chaire-idis.fr\/en\/wp-json\/wp\/v2\/media\/6974"}],"wp:attachment":[{"href":"https:\/\/chaire-idis.fr\/en\/wp-json\/wp\/v2\/media?parent=6973"}],"wp:term":[{"taxonomy":"category","embeddable":true,"href":"https:\/\/chaire-idis.fr\/en\/wp-json\/wp\/v2\/categories?post=6973"},{"taxonomy":"post_tag","embeddable":true,"href":"https:\/\/chaire-idis.fr\/en\/wp-json\/wp\/v2\/tags?post=6973"}],"curies":[{"name":"wp","href":"https:\/\/api.w.org\/{rel}","templated":true}]}}