{"id":9089,"date":"2022-12-01T16:57:22","date_gmt":"2022-12-01T15:57:22","guid":{"rendered":"https:\/\/chaire-idis.fr\/?p=9089"},"modified":"2023-01-24T17:17:47","modified_gmt":"2023-01-24T16:17:47","slug":"journees-detude-2","status":"publish","type":"post","link":"https:\/\/chaire-idis.fr\/en\/journees-detude-2\/","title":{"rendered":"Journ\u00e9es d&#8217;\u00e9tude chanvre"},"content":{"rendered":"<div class=\"contenu\"><\/div>\n<div>\n<div>\n<div class=\"contenu\">\n<div>\n<p><strong>Retransmission des <\/strong><strong>Journ\u00e9es d&#8217;\u00e9tude &#8220;Cheminements chanvriers dans le Grand Est&#8221;, du 6 et 7 octobre 2022, \u00e0 Reims<br \/>\n<\/strong><\/p>\n<\/div>\n<\/div>\n<p><span id=\"page8R_mcid112\" class=\"markedContent\"><span dir=\"ltr\" role=\"presentation\"><strong>Table-ronde #1<\/strong> <strong>Nouvelles collaborations sur le <\/strong><\/span><\/span><strong><span id=\"page8R_mcid113\" class=\"markedContent\"><span dir=\"ltr\" role=\"presentation\">territoire : ce qui fait changer le territoire<\/span><\/span><\/strong><span id=\"page8R_mcid114\" class=\"markedContent\">, mod\u00e9r\u00e9e par V\u00e9ronique Maire<br role=\"presentation\" \/><\/span><span id=\"page8R_mcid115\" class=\"markedContent\"><br role=\"presentation\" \/><span dir=\"ltr\" role=\"presentation\">Claire PERRON, architecte du patrimoine<\/span><\/span><span id=\"page8R_mcid116\" class=\"markedContent\"><br role=\"presentation\" \/><span dir=\"ltr\" role=\"presentation\">Sylvia MAUCORT, directrice du Club Textile Int\u00e9gral<\/span><\/span><span id=\"page8R_mcid117\" class=\"markedContent\"><br role=\"presentation\" \/><span dir=\"ltr\" role=\"presentation\">Pascal MORTOIRE, directeur g\u00e9n\u00e9ral de La Chanvri\u00e8re<\/span><\/span><span id=\"page8R_mcid118\" class=\"markedContent\"><br role=\"presentation\" \/><span dir=\"ltr\" role=\"presentation\">Arnaud DAY, directeur scientifique de FRD &#8211; <\/span><\/span><span id=\"page8R_mcid119\" class=\"markedContent\"><\/span><span id=\"page8R_mcid120\" class=\"markedContent\"><span dir=\"ltr\" role=\"presentation\">Fibres, Recherche et D\u00e9veloppement<\/span><\/span><span id=\"page8R_mcid121\" class=\"markedContent\"><br role=\"presentation\" \/><span dir=\"ltr\" role=\"presentation\">Estelle DELANGLE, coordinatrice du P\u00f4le europ\u00e9en <\/span><\/span><span id=\"page8R_mcid122\" class=\"markedContent\"><span dir=\"ltr\" role=\"presentation\">du chanvre<\/span><\/span><\/p>\n<p><iframe loading=\"lazy\" title=\"(1\/3) Journ\u00e9es d&#039;\u00e9tude &quot;Cheminements chanvriers dans le Grand Est&quot;, 6-7 oct. 2022\" width=\"604\" height=\"340\" src=\"https:\/\/www.youtube.com\/embed\/GV8Hj7TDe2E?feature=oembed\" frameborder=\"0\" allow=\"accelerometer; autoplay; clipboard-write; encrypted-media; gyroscope; picture-in-picture; web-share\" referrerpolicy=\"strict-origin-when-cross-origin\" allowfullscreen><\/iframe><\/p>\n<p><em>Ev\u00e8nement coorganis\u00e9 par la chaire IDIS de l&#8217;ESAD de Reims, le laboratoire REGARDS et l&#8217;UMR FARE INRAE de l&#8217;Universit\u00e9 de Reims Champagne-Ardenne, <span id=\"page574R_mcid4\" class=\"markedContent\"><span dir=\"ltr\" role=\"presentation\">avec le soutien du r\u00e9seau des \u00e9tablissements de l&#8217;Enseignement Sup\u00e9rieur et de Recherche champardennais.<\/span><\/span><\/em><\/p>\n<\/div>\n<\/div>\n","protected":false},"excerpt":{"rendered":"<p>Retransmission des Journ\u00e9es d&#8217;\u00e9tude &#8220;Cheminements chanvriers dans le Grand Est&#8221;, du 6 et 7 octobre 2022, \u00e0 Reims Table-ronde #1 Nouvelles collaborations sur le territoire : ce qui fait changer le territoire, mod\u00e9r\u00e9e par V\u00e9ronique MaireClaire PERRON, architecte du patrimoineSylvia MAUCORT, directrice du Club Textile Int\u00e9gralPascal MORTOIRE, directeur g\u00e9n\u00e9ral de La Chanvri\u00e8reArnaud DAY, directeur scientifique &hellip; <a href=\"https:\/\/chaire-idis.fr\/en\/journees-detude-2\/\" class=\"more-link\">Continue reading <span class=\"screen-reader-text\">Journ\u00e9es d&#8217;\u00e9tude chanvre<\/span> <span class=\"meta-nav\">&rarr;<\/span><\/a><\/p>\n","protected":false},"author":2,"featured_media":8946,"comment_status":"closed","ping_status":"open","sticky":false,"template":"","format":"standard","meta":{"_acf_changed":false,"footnotes":""},"categories":[9],"tags":[],"class_list":["post-9089","post","type-post","status-publish","format-standard","has-post-thumbnail","hentry","category-evenements"],"acf":[],"_links":{"self":[{"href":"https:\/\/chaire-idis.fr\/en\/wp-json\/wp\/v2\/posts\/9089","targetHints":{"allow":["GET"]}}],"collection":[{"href":"https:\/\/chaire-idis.fr\/en\/wp-json\/wp\/v2\/posts"}],"about":[{"href":"https:\/\/chaire-idis.fr\/en\/wp-json\/wp\/v2\/types\/post"}],"author":[{"embeddable":true,"href":"https:\/\/chaire-idis.fr\/en\/wp-json\/wp\/v2\/users\/2"}],"replies":[{"embeddable":true,"href":"https:\/\/chaire-idis.fr\/en\/wp-json\/wp\/v2\/comments?post=9089"}],"version-history":[{"count":5,"href":"https:\/\/chaire-idis.fr\/en\/wp-json\/wp\/v2\/posts\/9089\/revisions"}],"predecessor-version":[{"id":9103,"href":"https:\/\/chaire-idis.fr\/en\/wp-json\/wp\/v2\/posts\/9089\/revisions\/9103"}],"wp:featuredmedia":[{"embeddable":true,"href":"https:\/\/chaire-idis.fr\/en\/wp-json\/wp\/v2\/media\/8946"}],"wp:attachment":[{"href":"https:\/\/chaire-idis.fr\/en\/wp-json\/wp\/v2\/media?parent=9089"}],"wp:term":[{"taxonomy":"category","embeddable":true,"href":"https:\/\/chaire-idis.fr\/en\/wp-json\/wp\/v2\/categories?post=9089"},{"taxonomy":"post_tag","embeddable":true,"href":"https:\/\/chaire-idis.fr\/en\/wp-json\/wp\/v2\/tags?post=9089"}],"curies":[{"name":"wp","href":"https:\/\/api.w.org\/{rel}","templated":true}]}}