{"id":9421,"date":"2024-06-12T10:28:31","date_gmt":"2024-06-12T09:28:31","guid":{"rendered":"https:\/\/chaire-idis.fr\/?p=9421"},"modified":"2024-07-10T15:00:31","modified_gmt":"2024-07-10T14:00:31","slug":"expo-vente-sapin-granit","status":"publish","type":"post","link":"https:\/\/chaire-idis.fr\/en\/expo-vente-sapin-granit\/","title":{"rendered":"Expo vente &#8211; Sapin &#038; Granit"},"content":{"rendered":"<div>\n<div class=\"contenu\">\n<div class=\"contenu\">\n<div>\n<p><strong>du 12 juin au 09 juillet 2024<\/strong><\/p>\n<\/div>\n<\/div>\n<div><span dir=\"ltr\" role=\"presentation\">Depuis 2019, la chaire IDIS m\u00e8ne un projet de recherche sur la fili\u00e8re bois avec le Parc naturel r\u00e9gional des Ballons des Vosges et des b\u00e9n\u00e9ficiaires de la marque Valeurs Parc<\/span><span dir=\"ltr\" role=\"presentation\">.<\/span><\/div>\n<div>Cette collaboration a abouti \u00e0 la r\u00e9alisation d&#8217;une collection de mobilier qui valorise les ressources locales : le sapin et le granit.<\/div>\n<div><\/div>\n<div>Pour la premi\u00e8re fois, une s\u00e9lection de pi\u00e8ces sera vendue dans un corner d\u00e9di\u00e9 de la boutique Fly \u00e0 Epinal.<\/div>\n<div>&#8211; La table basse <em>Connexion<\/em> de Jonas Odetto et Juliette G\u00e9naud<\/div>\n<div>&#8211; L&#8217;\u00e9tag\u00e8re <em>Nouveaux standards<\/em> de Tess Lignon<\/div>\n<div>&#8211; Le banc <em>Poids plume<\/em> de Th\u00e9o Charasse<\/div>\n<div>&#8211; Les gu\u00e9ridons <em>Bod\u00e9fo<\/em> de Marcelline Cury<\/div>\n<\/div>\n<div>&#8211; Le tabouret <em>Altermod\u00e8le<\/em> de Leelou Gu\u00e9vel Balbusquier<\/div>\n<div><\/div>\n<div>Une collaboration avec <span dir=\"ltr\" role=\"presentation\">le PNR des Ballons des Vosges et les entreprises <\/span>Scierie Mathieu, Graniterie Petitjean, G\u00e9rard agencement et Menuiserie Vaxelaire.<\/div>\n<div><\/div>\n<div class=\"contenu\">\n<p><strong>Fly<br \/>\n<\/strong>Parc \u00e9conomique <em>Le Saut le Cerf<\/em>, 30 Rue de la Bazaine, 88000 \u00c9pinal<\/p>\n<div><a href=\"https:\/\/chaire-idis.fr\/projets\/sapin-granit-valorisation-dun-territoire-v3\/\">Le projet<\/a><\/div>\n<div><\/div>\n<div><a href=\"https:\/\/chaire-idis.fr\/wp-content\/uploads\/2024\/05\/WEB-CATALOGUE-FINAL-CHAIRE-IDIS-PNR-BV.pdf\">Catalogue Sapin &amp; granit<\/a><\/div>\n<\/div>\n<\/div>\n","protected":false},"excerpt":{"rendered":"<p>du 12 juin au 09 juillet 2024 Depuis 2019, la chaire IDIS m\u00e8ne un projet de recherche sur la fili\u00e8re bois avec le Parc naturel r\u00e9gional des Ballons des Vosges et des b\u00e9n\u00e9ficiaires de la marque Valeurs Parc. Cette collaboration a abouti \u00e0 la r\u00e9alisation d&#8217;une collection de mobilier qui valorise les ressources locales : &hellip; <a href=\"https:\/\/chaire-idis.fr\/en\/expo-vente-sapin-granit\/\" class=\"more-link\">Continue reading <span class=\"screen-reader-text\">Expo vente &#8211; Sapin &#038; Granit<\/span> <span class=\"meta-nav\">&rarr;<\/span><\/a><\/p>\n","protected":false},"author":2,"featured_media":9425,"comment_status":"closed","ping_status":"open","sticky":false,"template":"","format":"standard","meta":{"_acf_changed":false,"footnotes":""},"categories":[9],"tags":[],"class_list":["post-9421","post","type-post","status-publish","format-standard","has-post-thumbnail","hentry","category-evenements"],"acf":[],"_links":{"self":[{"href":"https:\/\/chaire-idis.fr\/en\/wp-json\/wp\/v2\/posts\/9421","targetHints":{"allow":["GET"]}}],"collection":[{"href":"https:\/\/chaire-idis.fr\/en\/wp-json\/wp\/v2\/posts"}],"about":[{"href":"https:\/\/chaire-idis.fr\/en\/wp-json\/wp\/v2\/types\/post"}],"author":[{"embeddable":true,"href":"https:\/\/chaire-idis.fr\/en\/wp-json\/wp\/v2\/users\/2"}],"replies":[{"embeddable":true,"href":"https:\/\/chaire-idis.fr\/en\/wp-json\/wp\/v2\/comments?post=9421"}],"version-history":[{"count":5,"href":"https:\/\/chaire-idis.fr\/en\/wp-json\/wp\/v2\/posts\/9421\/revisions"}],"predecessor-version":[{"id":9430,"href":"https:\/\/chaire-idis.fr\/en\/wp-json\/wp\/v2\/posts\/9421\/revisions\/9430"}],"wp:featuredmedia":[{"embeddable":true,"href":"https:\/\/chaire-idis.fr\/en\/wp-json\/wp\/v2\/media\/9425"}],"wp:attachment":[{"href":"https:\/\/chaire-idis.fr\/en\/wp-json\/wp\/v2\/media?parent=9421"}],"wp:term":[{"taxonomy":"category","embeddable":true,"href":"https:\/\/chaire-idis.fr\/en\/wp-json\/wp\/v2\/categories?post=9421"},{"taxonomy":"post_tag","embeddable":true,"href":"https:\/\/chaire-idis.fr\/en\/wp-json\/wp\/v2\/tags?post=9421"}],"curies":[{"name":"wp","href":"https:\/\/api.w.org\/{rel}","templated":true}]}}